{"id":108,"date":"2020-09-23T10:19:35","date_gmt":"2020-09-23T09:19:35","guid":{"rendered":"http:\/\/martina-zuercher.ch\/?p=108"},"modified":"2020-09-23T10:19:35","modified_gmt":"2020-09-23T09:19:35","slug":"velorouten-ja-aber-nicht-so","status":"publish","type":"post","link":"https:\/\/martina-zuercher.ch\/?p=108","title":{"rendered":"Velorouten &#8211; ja, aber nicht so&#8230;"},"content":{"rendered":"\n<p>Am 27. September stimmt die Stadt Z\u00fcrich \u00fcber die sogenannte Velorouten-Initiative ab. Die Initiative ist leider kompromisslos und nimmt keine R\u00fccksicht auf andere Verkehrsteilnehmer. Lesen Sie dazu mein Statement im <a href=\"https:\/\/www.lokalinfo.ch\/e-paper\/zuerich-nord\/zuerich-nord-25-juni-2020-1-1-1-1\" target=\"_blank\" rel=\"noreferrer noopener\">Z\u00fcrich Nord (Lokalinfo)<\/a>.<\/p>\n\n\n\n<figure class=\"wp-block-image size-large\"><img loading=\"lazy\" decoding=\"async\" width=\"597\" height=\"1006\" src=\"https:\/\/martina-zuercher.ch\/wp-content\/uploads\/2020\/09\/Lokalinfo_20200827.jpg\" alt=\"\" class=\"wp-image-109\" srcset=\"https:\/\/martina-zuercher.ch\/wp-content\/uploads\/2020\/09\/Lokalinfo_20200827.jpg 597w, https:\/\/martina-zuercher.ch\/wp-content\/uploads\/2020\/09\/Lokalinfo_20200827-178x300.jpg 178w\" sizes=\"auto, (max-width: 597px) 100vw, 597px\" \/><\/figure>\n\n\n\n<p><\/p>\n","protected":false},"excerpt":{"rendered":"<p>Am 27. September stimmt die Stadt Z\u00fcrich \u00fcber die sogenannte Velorouten-Initiative ab. Die Initiative ist leider kompromisslos und nimmt keine R\u00fccksicht auf andere Verkehrsteilnehmer. Lesen Sie dazu mein Statement im Z\u00fcrich Nord (Lokalinfo).<\/p>\n","protected":false},"author":2,"featured_media":0,"comment_status":"open","ping_status":"open","sticky":false,"template":"","format":"standard","meta":{"footnotes":""},"categories":[1],"tags":[],"class_list":["post-108","post","type-post","status-publish","format-standard","hentry","category-uncategorized"],"_links":{"self":[{"href":"https:\/\/martina-zuercher.ch\/index.php?rest_route=\/wp\/v2\/posts\/108","targetHints":{"allow":["GET"]}}],"collection":[{"href":"https:\/\/martina-zuercher.ch\/index.php?rest_route=\/wp\/v2\/posts"}],"about":[{"href":"https:\/\/martina-zuercher.ch\/index.php?rest_route=\/wp\/v2\/types\/post"}],"author":[{"embeddable":true,"href":"https:\/\/martina-zuercher.ch\/index.php?rest_route=\/wp\/v2\/users\/2"}],"replies":[{"embeddable":true,"href":"https:\/\/martina-zuercher.ch\/index.php?rest_route=%2Fwp%2Fv2%2Fcomments&post=108"}],"version-history":[{"count":1,"href":"https:\/\/martina-zuercher.ch\/index.php?rest_route=\/wp\/v2\/posts\/108\/revisions"}],"predecessor-version":[{"id":110,"href":"https:\/\/martina-zuercher.ch\/index.php?rest_route=\/wp\/v2\/posts\/108\/revisions\/110"}],"wp:attachment":[{"href":"https:\/\/martina-zuercher.ch\/index.php?rest_route=%2Fwp%2Fv2%2Fmedia&parent=108"}],"wp:term":[{"taxonomy":"category","embeddable":true,"href":"https:\/\/martina-zuercher.ch\/index.php?rest_route=%2Fwp%2Fv2%2Fcategories&post=108"},{"taxonomy":"post_tag","embeddable":true,"href":"https:\/\/martina-zuercher.ch\/index.php?rest_route=%2Fwp%2Fv2%2Ftags&post=108"}],"curies":[{"name":"wp","href":"https:\/\/api.w.org\/{rel}","templated":true}]}}