{"id":112,"date":"2020-11-15T10:56:21","date_gmt":"2020-11-15T09:56:21","guid":{"rendered":"http:\/\/martina-zuercher.ch\/?p=112"},"modified":"2020-11-15T10:59:14","modified_gmt":"2020-11-15T09:59:14","slug":"waldsterben-mindestens-zuerichs-schilderwald-waechst-kraeftig","status":"publish","type":"post","link":"https:\/\/martina-zuercher.ch\/?p=112","title":{"rendered":"Waldsterben? Mindestens Z\u00fcrichs Schilderwald w\u00e4chst kr\u00e4ftig!"},"content":{"rendered":"\n<p><strong>\u00abDie Stadt Z\u00fcrich lichtet den Schilderwald aus\u00bb titelte eine&nbsp;<a href=\"https:\/\/www.stadt-zuerich.ch\/pd\/de\/index\/dav\/medien\/archiv\/mm_2012\/wenigeristmehr.html\">Medienmitteilung&nbsp;<\/a>der Stadt Z\u00fcrich aus dem Jahre 2012.&nbsp;Ist man in der Stadt Z\u00fcrich unterwegs, hat man allerdings das gegenteilige Gef\u00fchl. Konkretes Beispiel: Allein einige Dutzend Meter rund um den Meierhofplatz im Quartier H\u00f6ngg wurden im letzten Jahr 34 neue Tafeln montiert (<a href=\"https:\/\/hoengger.ch\/warum-der-schilderwahn-ausgebrochen-ist\/\">Bericht &#171;H\u00f6ngger&#187;<\/a>).<\/strong><\/p>\n\n\n\n<p>Wir schreiben das Jahr 2012, als der gr\u00fcne Stadtrat Daniel Leupi, damals Vorsteher des Polizeidepartements, an einer&nbsp;<a href=\"https:\/\/www.stadt-zuerich.ch\/pd\/de\/index\/dav\/medien\/archiv\/mm_2012\/wenigeristmehr.html\">Medienkonferenz<\/a>&nbsp;erz\u00e4hlte, dass der Schilderwald in der Stadt Z\u00fcrich gelichtet werden sollte und alle nicht zwingend notwendigen Signalisationen auf dem Stadtgebiet deshalb entfernt werden.&nbsp;Abgesehen von einigen in der Medienmitteilung erw\u00e4hnten Parkverbotstafeln in 30er-Zonen, die neu kombiniert am Anfang stehen, ist davon jedoch kaum etwas zu sp\u00fcren. Im Gegenteil, nachfolgend sehen Sie ein paar Inspirationen von Schilderkombinationen, die in den letzten Monaten und Jahren, das heisst nach der zitierten Aussage, entstanden sind.<\/p>\n\n\n\n<figure class=\"wp-block-image size-large\"><img loading=\"lazy\" decoding=\"async\" width=\"1024\" height=\"576\" src=\"https:\/\/martina-zuercher.ch\/wp-content\/uploads\/2020\/11\/Schilderwald1-1024x576.jpg\" alt=\"\" class=\"wp-image-114\" srcset=\"https:\/\/martina-zuercher.ch\/wp-content\/uploads\/2020\/11\/Schilderwald1-1024x576.jpg 1024w, https:\/\/martina-zuercher.ch\/wp-content\/uploads\/2020\/11\/Schilderwald1-300x169.jpg 300w, https:\/\/martina-zuercher.ch\/wp-content\/uploads\/2020\/11\/Schilderwald1-768x432.jpg 768w, https:\/\/martina-zuercher.ch\/wp-content\/uploads\/2020\/11\/Schilderwald1.jpg 1280w\" sizes=\"auto, (max-width: 1024px) 100vw, 1024px\" \/><\/figure>\n\n\n\n<figure class=\"wp-block-image size-large\"><img loading=\"lazy\" decoding=\"async\" width=\"1024\" height=\"576\" src=\"https:\/\/martina-zuercher.ch\/wp-content\/uploads\/2020\/11\/Schilderwald2-1024x576.jpg\" alt=\"\" class=\"wp-image-115\" srcset=\"https:\/\/martina-zuercher.ch\/wp-content\/uploads\/2020\/11\/Schilderwald2-1024x576.jpg 1024w, https:\/\/martina-zuercher.ch\/wp-content\/uploads\/2020\/11\/Schilderwald2-300x169.jpg 300w, https:\/\/martina-zuercher.ch\/wp-content\/uploads\/2020\/11\/Schilderwald2-768x432.jpg 768w, https:\/\/martina-zuercher.ch\/wp-content\/uploads\/2020\/11\/Schilderwald2.jpg 1280w\" sizes=\"auto, (max-width: 1024px) 100vw, 1024px\" \/><\/figure>\n\n\n\n<figure class=\"wp-block-image size-large\"><img loading=\"lazy\" decoding=\"async\" width=\"1024\" height=\"576\" src=\"https:\/\/martina-zuercher.ch\/wp-content\/uploads\/2020\/11\/Schilderwald3-1-1024x576.jpg\" alt=\"\" class=\"wp-image-116\" srcset=\"https:\/\/martina-zuercher.ch\/wp-content\/uploads\/2020\/11\/Schilderwald3-1-1024x576.jpg 1024w, https:\/\/martina-zuercher.ch\/wp-content\/uploads\/2020\/11\/Schilderwald3-1-300x169.jpg 300w, https:\/\/martina-zuercher.ch\/wp-content\/uploads\/2020\/11\/Schilderwald3-1-768x432.jpg 768w, https:\/\/martina-zuercher.ch\/wp-content\/uploads\/2020\/11\/Schilderwald3-1.jpg 1280w\" sizes=\"auto, (max-width: 1024px) 100vw, 1024px\" \/><\/figure>\n\n\n\n<figure class=\"wp-block-image size-large\"><img loading=\"lazy\" decoding=\"async\" width=\"1024\" height=\"576\" src=\"https:\/\/martina-zuercher.ch\/wp-content\/uploads\/2020\/11\/Schilderwald4-1024x576.jpg\" alt=\"\" class=\"wp-image-117\" srcset=\"https:\/\/martina-zuercher.ch\/wp-content\/uploads\/2020\/11\/Schilderwald4-1024x576.jpg 1024w, https:\/\/martina-zuercher.ch\/wp-content\/uploads\/2020\/11\/Schilderwald4-300x169.jpg 300w, https:\/\/martina-zuercher.ch\/wp-content\/uploads\/2020\/11\/Schilderwald4-768x432.jpg 768w, https:\/\/martina-zuercher.ch\/wp-content\/uploads\/2020\/11\/Schilderwald4.jpg 1280w\" sizes=\"auto, (max-width: 1024px) 100vw, 1024px\" \/><\/figure>\n\n\n\n<p>Ich will nicht l\u00e4nger warten, bis der rot-gr\u00fcne Stadtrat vielleicht endlich mal seine Versprechen h\u00e4lt und unsere sch\u00f6ne Stadt von unz\u00e4hligen \u00fcberfl\u00fcssigen Schildern befreit und macht darum nun mehr Druck. Zusammen mit einem Parteikollegen habe ich deshalb am 21. Oktober 2020 im Z\u00fcrcher Gemeinderat eine erste Schriftliche Anfrage und ein erstes konkretes Postulat zu diesem Thema eingereicht (<a rel=\"noreferrer noopener\" href=\"http:\/\/www.gemeinderat-zuerich.ch\/geschaefte\/detailansicht-geschaeft?ID=778c29c6-b39b-4f68-bcb7-89bd48963774\" target=\"_blank\">Link #1<\/a>;&nbsp;<a rel=\"noreferrer noopener\" href=\"http:\/\/www.gemeinderat-zuerich.ch\/geschaefte\/detailansicht-geschaeft?ID=c077d9a1-7396-4ae3-a363-15de04953e3f\" target=\"_blank\">Link #2<\/a>).<\/p>\n","protected":false},"excerpt":{"rendered":"<p>\u00abDie Stadt Z\u00fcrich lichtet den Schilderwald aus\u00bb titelte eine&nbsp;Medienmitteilung&nbsp;der Stadt Z\u00fcrich aus dem Jahre 2012.&nbsp;Ist man in der Stadt Z\u00fcrich unterwegs, hat man allerdings das gegenteilige Gef\u00fchl. Konkretes Beispiel: Allein einige Dutzend Meter rund um den Meierhofplatz im Quartier H\u00f6ngg wurden im letzten Jahr 34 neue Tafeln montiert (Bericht &#171;H\u00f6ngger&#187;). Wir schreiben das Jahr 2012,<\/p>\n<div class=\"more-link\">\n             <a href=\"https:\/\/martina-zuercher.ch\/?p=112\" class=\"theme-btn\"><span>Weiterlesen <\/span><i class=\"bi bi-arrow-right\"><\/i><\/a>\n        <\/div>\n","protected":false},"author":2,"featured_media":120,"comment_status":"open","ping_status":"open","sticky":false,"template":"","format":"standard","meta":{"footnotes":""},"categories":[1],"tags":[],"class_list":["post-112","post","type-post","status-publish","format-standard","has-post-thumbnail","hentry","category-uncategorized"],"_links":{"self":[{"href":"https:\/\/martina-zuercher.ch\/index.php?rest_route=\/wp\/v2\/posts\/112","targetHints":{"allow":["GET"]}}],"collection":[{"href":"https:\/\/martina-zuercher.ch\/index.php?rest_route=\/wp\/v2\/posts"}],"about":[{"href":"https:\/\/martina-zuercher.ch\/index.php?rest_route=\/wp\/v2\/types\/post"}],"author":[{"embeddable":true,"href":"https:\/\/martina-zuercher.ch\/index.php?rest_route=\/wp\/v2\/users\/2"}],"replies":[{"embeddable":true,"href":"https:\/\/martina-zuercher.ch\/index.php?rest_route=%2Fwp%2Fv2%2Fcomments&post=112"}],"version-history":[{"count":4,"href":"https:\/\/martina-zuercher.ch\/index.php?rest_route=\/wp\/v2\/posts\/112\/revisions"}],"predecessor-version":[{"id":122,"href":"https:\/\/martina-zuercher.ch\/index.php?rest_route=\/wp\/v2\/posts\/112\/revisions\/122"}],"wp:featuredmedia":[{"embeddable":true,"href":"https:\/\/martina-zuercher.ch\/index.php?rest_route=\/wp\/v2\/media\/120"}],"wp:attachment":[{"href":"https:\/\/martina-zuercher.ch\/index.php?rest_route=%2Fwp%2Fv2%2Fmedia&parent=112"}],"wp:term":[{"taxonomy":"category","embeddable":true,"href":"https:\/\/martina-zuercher.ch\/index.php?rest_route=%2Fwp%2Fv2%2Fcategories&post=112"},{"taxonomy":"post_tag","embeddable":true,"href":"https:\/\/martina-zuercher.ch\/index.php?rest_route=%2Fwp%2Fv2%2Ftags&post=112"}],"curies":[{"name":"wp","href":"https:\/\/api.w.org\/{rel}","templated":true}]}}