{"id":138,"date":"2021-11-28T13:27:34","date_gmt":"2021-11-28T12:27:34","guid":{"rendered":"https:\/\/martina-zuercher.ch\/?p=138"},"modified":"2022-01-09T13:44:28","modified_gmt":"2022-01-09T12:44:28","slug":"am-13-februar-2022-sind-in-der-stadt-zuerich-wieder-gemeinderatswahlen","status":"publish","type":"post","link":"https:\/\/martina-zuercher.ch\/?p=138","title":{"rendered":"Am 13. Februar 2022 sind in der Stadt Z\u00fcrich wieder Gemeinderatswahlen"},"content":{"rendered":"\n<div class=\"wp-block-columns is-layout-flex wp-container-core-columns-is-layout-9d6595d7 wp-block-columns-is-layout-flex\">\n<div class=\"wp-block-column is-layout-flow wp-block-column-is-layout-flow\" style=\"flex-basis:100%\">\n<figure class=\"wp-block-gallery columns-2 is-cropped wp-block-gallery-1 is-layout-flex wp-block-gallery-is-layout-flex\"><ul class=\"blocks-gallery-grid\"><li class=\"blocks-gallery-item\"><figure><img loading=\"lazy\" decoding=\"async\" width=\"726\" height=\"1024\" src=\"https:\/\/martina-zuercher.ch\/wp-content\/uploads\/2022\/01\/Flyer_Frontseite-726x1024.jpg\" alt=\"\" data-id=\"163\" data-full-url=\"https:\/\/martina-zuercher.ch\/wp-content\/uploads\/2022\/01\/Flyer_Frontseite.jpg\" data-link=\"https:\/\/martina-zuercher.ch\/?attachment_id=163\" class=\"wp-image-163\" srcset=\"https:\/\/martina-zuercher.ch\/wp-content\/uploads\/2022\/01\/Flyer_Frontseite-726x1024.jpg 726w, https:\/\/martina-zuercher.ch\/wp-content\/uploads\/2022\/01\/Flyer_Frontseite-213x300.jpg 213w, https:\/\/martina-zuercher.ch\/wp-content\/uploads\/2022\/01\/Flyer_Frontseite-768x1083.jpg 768w, https:\/\/martina-zuercher.ch\/wp-content\/uploads\/2022\/01\/Flyer_Frontseite-1090x1536.jpg 1090w, https:\/\/martina-zuercher.ch\/wp-content\/uploads\/2022\/01\/Flyer_Frontseite.jpg 1240w\" sizes=\"auto, (max-width: 726px) 100vw, 726px\" \/><\/figure><\/li><li class=\"blocks-gallery-item\"><figure><img loading=\"lazy\" decoding=\"async\" width=\"770\" height=\"1024\" src=\"https:\/\/martina-zuercher.ch\/wp-content\/uploads\/2022\/01\/Flyer_Rueckseite-770x1024.jpg\" alt=\"\" data-id=\"164\" data-full-url=\"https:\/\/martina-zuercher.ch\/wp-content\/uploads\/2022\/01\/Flyer_Rueckseite.jpg\" data-link=\"https:\/\/martina-zuercher.ch\/?attachment_id=164\" class=\"wp-image-164\" srcset=\"https:\/\/martina-zuercher.ch\/wp-content\/uploads\/2022\/01\/Flyer_Rueckseite-770x1024.jpg 770w, https:\/\/martina-zuercher.ch\/wp-content\/uploads\/2022\/01\/Flyer_Rueckseite-225x300.jpg 225w, https:\/\/martina-zuercher.ch\/wp-content\/uploads\/2022\/01\/Flyer_Rueckseite-768x1022.jpg 768w, https:\/\/martina-zuercher.ch\/wp-content\/uploads\/2022\/01\/Flyer_Rueckseite-1154x1536.jpg 1154w, https:\/\/martina-zuercher.ch\/wp-content\/uploads\/2022\/01\/Flyer_Rueckseite.jpg 1240w\" sizes=\"auto, (max-width: 770px) 100vw, 770px\" \/><\/figure><\/li><\/ul><\/figure>\n<\/div>\n<\/div>\n\n\n\n<p>Am 13. Februar 2022 sind Gesamterneuerungswahlen f\u00fcr Stadt- und Gemeinderat der Stadt Z\u00fcrich. Ich freue mich \u00fcber Ihre Stimme (Liste 2, Kreis 10)!<\/p>\n\n\n\n<p>Mehr \u00fcber meine Positionen finden Sie <a rel=\"noreferrer noopener\" href=\"https:\/\/martina-zuercher.ch\/?page_id=59\" target=\"_blank\">hier<\/a>, einen Teil meiner Vorst\u00f6sse im Gemeinderat finden Sie <a rel=\"noreferrer noopener\" href=\"https:\/\/martina-zuercher.ch\/?page_id=146\" target=\"_blank\">hier<\/a>. Bei Fragen finden Sie meinen Kontakt <a href=\"https:\/\/martina-zuercher.ch\/?page_id=18\" target=\"_blank\" rel=\"noreferrer noopener\">hier<\/a>.<\/p>\n","protected":false},"excerpt":{"rendered":"<p>Am 13. Februar 2022 sind Gesamterneuerungswahlen f\u00fcr Stadt- und Gemeinderat der Stadt Z\u00fcrich. Ich freue mich \u00fcber Ihre Stimme (Liste 2, Kreis 10)! Mehr \u00fcber meine Positionen finden Sie hier, einen Teil meiner Vorst\u00f6sse im Gemeinderat finden Sie hier. Bei Fragen finden Sie meinen Kontakt hier.<\/p>\n","protected":false},"author":2,"featured_media":139,"comment_status":"open","ping_status":"open","sticky":false,"template":"","format":"standard","meta":{"footnotes":""},"categories":[1],"tags":[],"class_list":["post-138","post","type-post","status-publish","format-standard","has-post-thumbnail","hentry","category-uncategorized"],"_links":{"self":[{"href":"https:\/\/martina-zuercher.ch\/index.php?rest_route=\/wp\/v2\/posts\/138","targetHints":{"allow":["GET"]}}],"collection":[{"href":"https:\/\/martina-zuercher.ch\/index.php?rest_route=\/wp\/v2\/posts"}],"about":[{"href":"https:\/\/martina-zuercher.ch\/index.php?rest_route=\/wp\/v2\/types\/post"}],"author":[{"embeddable":true,"href":"https:\/\/martina-zuercher.ch\/index.php?rest_route=\/wp\/v2\/users\/2"}],"replies":[{"embeddable":true,"href":"https:\/\/martina-zuercher.ch\/index.php?rest_route=%2Fwp%2Fv2%2Fcomments&post=138"}],"version-history":[{"count":4,"href":"https:\/\/martina-zuercher.ch\/index.php?rest_route=\/wp\/v2\/posts\/138\/revisions"}],"predecessor-version":[{"id":166,"href":"https:\/\/martina-zuercher.ch\/index.php?rest_route=\/wp\/v2\/posts\/138\/revisions\/166"}],"wp:featuredmedia":[{"embeddable":true,"href":"https:\/\/martina-zuercher.ch\/index.php?rest_route=\/wp\/v2\/media\/139"}],"wp:attachment":[{"href":"https:\/\/martina-zuercher.ch\/index.php?rest_route=%2Fwp%2Fv2%2Fmedia&parent=138"}],"wp:term":[{"taxonomy":"category","embeddable":true,"href":"https:\/\/martina-zuercher.ch\/index.php?rest_route=%2Fwp%2Fv2%2Fcategories&post=138"},{"taxonomy":"post_tag","embeddable":true,"href":"https:\/\/martina-zuercher.ch\/index.php?rest_route=%2Fwp%2Fv2%2Ftags&post=138"}],"curies":[{"name":"wp","href":"https:\/\/api.w.org\/{rel}","templated":true}]}}