{"id":185,"date":"2022-10-15T19:21:57","date_gmt":"2022-10-15T18:21:57","guid":{"rendered":"https:\/\/martina-zuercher.ch\/?p=185"},"modified":"2022-10-15T19:21:57","modified_gmt":"2022-10-15T18:21:57","slug":"der-geschaeftsbericht-der-stadt-zuerich-452-seiten-mit-einigen-grotesken-beispielen-der-rot-gruenen-politik","status":"publish","type":"post","link":"https:\/\/martina-zuercher.ch\/?p=185","title":{"rendered":"Der Gesch\u00e4ftsbericht der Stadt Z\u00fcrich \u2013 452 Seiten mit einigen grotesken Beispielen der rot-gr\u00fcnen Politik"},"content":{"rendered":"\n<p>Jedes Jahr ver\u00f6ffentlicht der Z\u00fcrcher Stadtrat einen umfangreichen Gesch\u00e4ftsbericht. Jener \u00fcber das Jahr 2021 wurde Ende Juni im Gemeinderat fertig beraten.<\/p>\n\n\n\n<p>Die Corona-Pandemie hat nachvollziehbarerweise die Arbeit der st\u00e4dtischen Verwaltung stark beeinflusst und zwar nicht nur im Gesundheits- und Umweltdepartement. Jedoch kommt das Wort \u00abCorona\u00bb im Bericht nur noch 164 mal vor, im Vorjahr waren es noch 228 mal. \u00abVelo\u00bb liest man hingegen grad 311 mal, \u00absmart\u00bb und \u00abnetto-null\u00bb je nur rund 50 mal. Dies obwohl Netto-Null als Beitrag zur Klimaneutralit\u00e4t bereits im allgemeinen Vorwort als eines der aktuell wichtigen politischen Programme aufgef\u00fchrt ist. Themen rund um \u00abDigitalisierung\u00bb findet man immerhin an gut 100 Stellen im Bericht.<\/p>\n\n\n\n<p>Die Gemeinder\u00e4te k\u00f6nnen jeweils verschiedene R\u00fcckfragen zu im Bericht erw\u00e4hnten Themen stellen. Die Beantwortung dieser Fragen bringt dann jeweils einige bemerkenswerte Aussagen, zum Beispiel:<\/p>\n\n\n\n<ul class=\"wp-block-list\"><li>Es wird die neue Co-Leitung der Dienstabteilung Kultur im Pr\u00e4sidialdepartement gelobt. Der fr\u00fchere Dienstchef hatte ein 100%-Pensum, die neuen Co-Leitung haben je ein 60%-Pensum und nicht je 50%. Auf die Nachfrage, ob sie dann f\u00fcr die 20 zus\u00e4tzlichen Stellenprozente auch zus\u00e4tzliche Aufgaben \u00fcbernehmen, haben wir die Antwort erhalten: \u00abDie zus\u00e4tzlichen je 10 Stellenprozente dienen der gemeinsamen strategischen Planung und der effektiven Entscheidungsfindung.\u00bb Ich fasse also zusammen: Ein Dienstchef hat Lohnvollkosten (inkl. Pensionskasse etc.) von vermutlich ca. 250&#8217;000 CHF, d.h. die blosse \u00abReibungsverluste\u00bb dieser CO-Leitung kosten den Steuerzahler j\u00e4hrlich ca. 50&#8217;000 CHF. 50&#8217;000 CHF ohne auch nur ein Bisschen Kultur mehr in unserer Stadt zu haben.<\/li><li>Einmal mehr weist das Amt f\u00fcr Baubewilligungen aus, dass sie die eigenen Fristen in 42% der F\u00e4lle nicht einhalten k\u00f6nnen. Schuld seien haupts\u00e4chlich andere Fachstellen in der Stadtverwaltung (bspw. die Dienstabteilung Verkehr, Architektur und Denkmalpflege im Amt f\u00fcr St\u00e4dtebau und die Fachstelle Baugesuche im Tiefbauamt). Die FDP hat im Gemeinderat schon mehrfach darauf hingewiesen, dass man nicht jedes Problem l\u00f6st, in dem man eine neue Fachstelle schafft, sondern diese \u00abFachstellenitis\u00bb h\u00e4ufig zu anderen Problemen f\u00fchrt. Ich m\u00f6chte auf alle F\u00e4lle sehen, wie die Verwaltung reagiert, wenn die Einwohnerinnen und Einwohner, egal ob bei Bauprojekten, Einsprachen usw. auch einfach die Fristen \u00fcberziehen k\u00f6nnen und die Sachen dann dennoch akzeptiert werden? Oder ob die Verwaltung die Mehrkosten \u00fcbernimmt, weil die privaten Bauprojekte sich verz\u00f6gern, weil die Baubewilligung nicht fristgerecht kommt?<\/li><\/ul>\n\n\n\n<p>Den gesamten Gesch\u00e4ftsbericht finden Sie <a href=\"https:\/\/www.stadt-zuerich.ch\/content\/dam\/stzh\/portal\/Deutsch\/politik-der-stadt-zuerich\/Publikationen%20und%20Broschueren\/Geschaeftsbericht\/2021\/geschaeftsbericht-2021.pdf\" target=\"_blank\" rel=\"noreferrer noopener\">hier<\/a>.<\/p>\n","protected":false},"excerpt":{"rendered":"<p>Jedes Jahr ver\u00f6ffentlicht der Z\u00fcrcher Stadtrat einen umfangreichen Gesch\u00e4ftsbericht. Jener \u00fcber das Jahr 2021 wurde Ende Juni im Gemeinderat fertig beraten. Die Corona-Pandemie hat nachvollziehbarerweise die Arbeit der st\u00e4dtischen Verwaltung stark beeinflusst und zwar nicht nur im Gesundheits- und Umweltdepartement. Jedoch kommt das Wort \u00abCorona\u00bb im Bericht nur noch 164 mal vor, im Vorjahr waren<\/p>\n<div class=\"more-link\">\n             <a href=\"https:\/\/martina-zuercher.ch\/?p=185\" class=\"theme-btn\"><span>Weiterlesen <\/span><i class=\"bi bi-arrow-right\"><\/i><\/a>\n        <\/div>\n","protected":false},"author":2,"featured_media":0,"comment_status":"open","ping_status":"open","sticky":false,"template":"","format":"standard","meta":{"footnotes":""},"categories":[1],"tags":[],"class_list":["post-185","post","type-post","status-publish","format-standard","hentry","category-uncategorized"],"_links":{"self":[{"href":"https:\/\/martina-zuercher.ch\/index.php?rest_route=\/wp\/v2\/posts\/185","targetHints":{"allow":["GET"]}}],"collection":[{"href":"https:\/\/martina-zuercher.ch\/index.php?rest_route=\/wp\/v2\/posts"}],"about":[{"href":"https:\/\/martina-zuercher.ch\/index.php?rest_route=\/wp\/v2\/types\/post"}],"author":[{"embeddable":true,"href":"https:\/\/martina-zuercher.ch\/index.php?rest_route=\/wp\/v2\/users\/2"}],"replies":[{"embeddable":true,"href":"https:\/\/martina-zuercher.ch\/index.php?rest_route=%2Fwp%2Fv2%2Fcomments&post=185"}],"version-history":[{"count":1,"href":"https:\/\/martina-zuercher.ch\/index.php?rest_route=\/wp\/v2\/posts\/185\/revisions"}],"predecessor-version":[{"id":186,"href":"https:\/\/martina-zuercher.ch\/index.php?rest_route=\/wp\/v2\/posts\/185\/revisions\/186"}],"wp:attachment":[{"href":"https:\/\/martina-zuercher.ch\/index.php?rest_route=%2Fwp%2Fv2%2Fmedia&parent=185"}],"wp:term":[{"taxonomy":"category","embeddable":true,"href":"https:\/\/martina-zuercher.ch\/index.php?rest_route=%2Fwp%2Fv2%2Fcategories&post=185"},{"taxonomy":"post_tag","embeddable":true,"href":"https:\/\/martina-zuercher.ch\/index.php?rest_route=%2Fwp%2Fv2%2Ftags&post=185"}],"curies":[{"name":"wp","href":"https:\/\/api.w.org\/{rel}","templated":true}]}}