{"id":187,"date":"2022-10-18T18:39:59","date_gmt":"2022-10-18T17:39:59","guid":{"rendered":"https:\/\/martina-zuercher.ch\/?p=187"},"modified":"2022-10-18T18:39:59","modified_gmt":"2022-10-18T17:39:59","slug":"auf-einer-schraegen-glatten-flaeche-bleibt-nichts-liegen-oder-warum-produktdesign-von-abfallkuebeln-nicht-unbedingt-kernkompetenz-der-stadtverwaltung-ist","status":"publish","type":"post","link":"https:\/\/martina-zuercher.ch\/?p=187","title":{"rendered":"Auf einer schr\u00e4gen, glatten Fl\u00e4che bleibt Nichts liegen \u2013 oder warum Produktdesign von Abfallk\u00fcbeln nicht unbedingt Kernkompetenz der Stadtverwaltung ist"},"content":{"rendered":"\n<figure class=\"wp-block-image size-full\"><img loading=\"lazy\" decoding=\"async\" width=\"960\" height=\"720\" src=\"https:\/\/martina-zuercher.ch\/wp-content\/uploads\/2022\/10\/Kuebel.png\" alt=\"\" class=\"wp-image-188\" srcset=\"https:\/\/martina-zuercher.ch\/wp-content\/uploads\/2022\/10\/Kuebel.png 960w, https:\/\/martina-zuercher.ch\/wp-content\/uploads\/2022\/10\/Kuebel-300x225.png 300w, https:\/\/martina-zuercher.ch\/wp-content\/uploads\/2022\/10\/Kuebel-768x576.png 768w\" sizes=\"auto, (max-width: 960px) 100vw, 960px\" \/><figcaption>Links die Eigenentwicklung der Stadt Z\u00fcrich, rechts der preisgekr\u00f6nte \u00abAbfallhai\u00bb<\/figcaption><\/figure>\n\n\n\n<p>In meiner ersten sogenannten Schriftlichen Anfrage als Gemeinder\u00e4tin vor rund vier Jahren ging es tats\u00e4chlich um Abfallk\u00fcbel. Entsorgung und Recycling Z\u00fcrich hatte gerade einen eigenen Abfallk\u00fcbel entwickelt, welcher fr\u00fcher oder sp\u00e4ter den preisgekr\u00f6nten \u00abAbfallhai\u00bb verdr\u00e4ngen soll. Der Abfallhai wird von einem KMU in Knonau hergestellt und steht nicht nur in verschiedenen Schweizer St\u00e4dten, sondern auch in Barcelona, Wien oder Berlin. Die Herstellerfirma designt und produziert vorwiegend Abfallk\u00fcbel, Abfallsysteme und verwandte Produkte.<\/p>\n\n\n\n<p>Der Stadtrat argumentierte damals mit verschiedenen Vorteilen f\u00fcr die Eigenentwicklung, zum Beispiel mit der einfacheren Handhabe bei der Leerung, dem gr\u00f6sseren \u00d6ffnungsschlitz, und der Tatsache, dass ERZ die Produktion des eigenen Abfallk\u00fcbel ausschreiben und dem g\u00fcnstigsten Anbieter vergeben kann. Wie sieht es nun rund vier Jahre sp\u00e4ter aus?<\/p>\n\n\n\n<p>Als Bewohnerin dieser Stadt, in der es doch hie und da mal regnet, f\u00e4llt mir aber immer wieder auf, dass durch die gerade Oberfl\u00e4che beim neuen Abfallk\u00fcbel nicht nur das Regenwasser liegenbleibt, sondern regelm\u00e4ssig auch Zigarettenkippen und andere Abf\u00e4lle auf dem neuen K\u00fcbel liegen (siehe Foto), was das Stadtbild ganz und gar nicht versch\u00f6nert (und f\u00fcr die Mitarbeitenden von ERZ bei der Leerung auch wieder einen Mehraufwand schafft). Durch das schr\u00e4ge Dach kann dies beim \u00abAbfallhai\u00bb nicht passieren.<\/p>\n\n\n\n<p>Mein Fazit: Die Verwaltung weiss nicht alles besser als der Markt. Firmen, die schon verschiedene \u00e4hnliche Produkte designt haben und sich im Wettbewerb bew\u00e4hren m\u00fcssen, haben vermutlich mehr Erfahrung in industriellem Produktdesign als ERZ. Und wenn die Stadt als gr\u00f6sserer Abnehmer bei einem Produkt gewisse M\u00e4ngel feststellt, dann k\u00f6nnte sie zuerst den Hersteller kontaktieren. Oder wenn sie ein neues, besseres oder g\u00fcnstigeres Produkt m\u00f6chte, dann k\u00f6nnte sie eine Ausschreibung mit einem entsprechenden Anforderungskatalog machen.<\/p>\n\n\n\n<p><a href=\"https:\/\/www.gemeinderat-zuerich.ch\/Geschaefte\/detailansicht-geschaeft\/Dokument\/ba7b9989-9a34-4005-9f22-57817b4895f7\/2018_0496.pdf\" target=\"_blank\" rel=\"noreferrer noopener\">Link <\/a>zur Schriftlichen Anfrage<\/p>\n\n\n\n<p><a href=\"https:\/\/www.lokalinfo.ch\/news\/artikel\/dieses-grossmaul-killt-den-abfall-hai\/\" target=\"_blank\" rel=\"noreferrer noopener\">Link <\/a>zur damaligen Medienberichterstattung<\/p>\n","protected":false},"excerpt":{"rendered":"<p>In meiner ersten sogenannten Schriftlichen Anfrage als Gemeinder\u00e4tin vor rund vier Jahren ging es tats\u00e4chlich um Abfallk\u00fcbel. Entsorgung und Recycling Z\u00fcrich hatte gerade einen eigenen Abfallk\u00fcbel entwickelt, welcher fr\u00fcher oder sp\u00e4ter den preisgekr\u00f6nten \u00abAbfallhai\u00bb verdr\u00e4ngen soll. Der Abfallhai wird von einem KMU in Knonau hergestellt und steht nicht nur in verschiedenen Schweizer St\u00e4dten, sondern auch<\/p>\n<div class=\"more-link\">\n             <a href=\"https:\/\/martina-zuercher.ch\/?p=187\" class=\"theme-btn\"><span>Weiterlesen <\/span><i class=\"bi bi-arrow-right\"><\/i><\/a>\n        <\/div>\n","protected":false},"author":2,"featured_media":188,"comment_status":"open","ping_status":"open","sticky":false,"template":"","format":"standard","meta":{"footnotes":""},"categories":[1],"tags":[],"class_list":["post-187","post","type-post","status-publish","format-standard","has-post-thumbnail","hentry","category-uncategorized"],"_links":{"self":[{"href":"https:\/\/martina-zuercher.ch\/index.php?rest_route=\/wp\/v2\/posts\/187","targetHints":{"allow":["GET"]}}],"collection":[{"href":"https:\/\/martina-zuercher.ch\/index.php?rest_route=\/wp\/v2\/posts"}],"about":[{"href":"https:\/\/martina-zuercher.ch\/index.php?rest_route=\/wp\/v2\/types\/post"}],"author":[{"embeddable":true,"href":"https:\/\/martina-zuercher.ch\/index.php?rest_route=\/wp\/v2\/users\/2"}],"replies":[{"embeddable":true,"href":"https:\/\/martina-zuercher.ch\/index.php?rest_route=%2Fwp%2Fv2%2Fcomments&post=187"}],"version-history":[{"count":1,"href":"https:\/\/martina-zuercher.ch\/index.php?rest_route=\/wp\/v2\/posts\/187\/revisions"}],"predecessor-version":[{"id":189,"href":"https:\/\/martina-zuercher.ch\/index.php?rest_route=\/wp\/v2\/posts\/187\/revisions\/189"}],"wp:featuredmedia":[{"embeddable":true,"href":"https:\/\/martina-zuercher.ch\/index.php?rest_route=\/wp\/v2\/media\/188"}],"wp:attachment":[{"href":"https:\/\/martina-zuercher.ch\/index.php?rest_route=%2Fwp%2Fv2%2Fmedia&parent=187"}],"wp:term":[{"taxonomy":"category","embeddable":true,"href":"https:\/\/martina-zuercher.ch\/index.php?rest_route=%2Fwp%2Fv2%2Fcategories&post=187"},{"taxonomy":"post_tag","embeddable":true,"href":"https:\/\/martina-zuercher.ch\/index.php?rest_route=%2Fwp%2Fv2%2Ftags&post=187"}],"curies":[{"name":"wp","href":"https:\/\/api.w.org\/{rel}","templated":true}]}}