{"id":200,"date":"2022-12-15T17:30:44","date_gmt":"2022-12-15T16:30:44","guid":{"rendered":"https:\/\/martina-zuercher.ch\/?p=200"},"modified":"2022-12-15T17:30:44","modified_gmt":"2022-12-15T16:30:44","slug":"die-svp-wollte-in-staedtischen-kantinen-tee-und-kaffee-verbieten","status":"publish","type":"post","link":"https:\/\/martina-zuercher.ch\/?p=200","title":{"rendered":"Die SVP wollte in st\u00e4dtischen Kantinen Tee und Kaffee verbieten"},"content":{"rendered":"\n<p>Gerne berichte ich immer mal wieder von kuriosen Ideen anderer Parteien. Die SVP hatte im Stadtz\u00fcrcher Gemeinderat einen Vorstoss mit folgendem Text eingereicht: \u00abDer Stadtrat wird aufgefordert zu pr\u00fcfen, wie in st\u00e4dtischen Verpflegungsbetrieben nur noch regionale Lebensmittel, die in der Schweiz produziert wurden, angeboten werden.\u00bb<\/p>\n\n\n\n<p>Bei aller Wichtigkeit der F\u00f6rderung der Regionalit\u00e4t bei den Lebensmitteln, ist dieser Vorstoss in seiner absoluten Formulierung \u00abnur noch regionale Lebensmittel\u00bb einfach nicht durchdacht. Neben Kaffee und Tee m\u00fcssen in die Schweiz beispielsweise auch viele Gew\u00fcrze importiert werden; ein Curry ohne Curry in einem st\u00e4dtischen Altersheim w\u00e4re dann schon sehr fad.<\/p>\n\n\n\n<p>Dies haben auch die Gr\u00fcnen erkannt und haben mit dem Einverst\u00e4ndnis der SVP und einer sogenannten Text\u00e4nderung Ausnahmen \u00abf\u00fcr Lebensmittel, die aus klimatischen Gr\u00fcnden nicht in der Schweiz angebaut werden k\u00f6nnen\u00bb hinzugef\u00fcgt. Doch was heisst das: Ein Fisch, der auf der deutschen Seite aus dem Bodensee gezogen worden ist oder badischer Spargel, der rund 100 km n\u00f6rdlich von Z\u00fcrich gewachsen ist, w\u00e4ren auch dann in den st\u00e4dtischen Kantinen und Restaurants tabu.<\/p>\n\n\n\n<p>Die Alternative Liste wollte dann einfach das \u00abnur noch\u00bb streichen, was dann schliesslich zu einem ganz anderen Vorstoss gef\u00fchrt h\u00e4tte, der einfach undefiniert mehr Regionalit\u00e4t gefordert h\u00e4tte. Dies h\u00e4tten nicht nur die Freisinnigen mitunterst\u00fctzt, sondern steht bereits in den st\u00e4dtischen Ern\u00e4hrungsgrunds\u00e4tzen. Deshalb ging es am Schluss der Debatte um den SVP-Vorstoss mit gr\u00fcner Text\u00e4nderung darum, ob k\u00fcnftig in st\u00e4dtischen Verpflegungsbetrieben in der Schweiz produzierte Spaghetti nur noch ohne echt italienischen Parmesan serviert werden d\u00fcrfen. SVP, SP, GLP und Gr\u00fcne stimmten dem zu.<\/p>\n\n\n\n<p>Link zum Gesch\u00e4ft im Gemeinderat: <a href=\"https:\/\/www.gemeinderat-zuerich.ch\/geschaefte\/detailansicht-geschaeft?gId=7afc050e-2dbf-42d0-8478-a91fdd8e25fe\">https:\/\/www.gemeinderat-zuerich.ch\/geschaefte\/detailansicht-geschaeft?gId=7afc050e-2dbf-42d0-8478-a91fdd8e25fe<\/a><\/p>\n","protected":false},"excerpt":{"rendered":"<p>Gerne berichte ich immer mal wieder von kuriosen Ideen anderer Parteien. Die SVP hatte im Stadtz\u00fcrcher Gemeinderat einen Vorstoss mit folgendem Text eingereicht: \u00abDer Stadtrat wird aufgefordert zu pr\u00fcfen, wie in st\u00e4dtischen Verpflegungsbetrieben nur noch regionale Lebensmittel, die in der Schweiz produziert wurden, angeboten werden.\u00bb Bei aller Wichtigkeit der F\u00f6rderung der Regionalit\u00e4t bei den Lebensmitteln,<\/p>\n<div class=\"more-link\">\n             <a href=\"https:\/\/martina-zuercher.ch\/?p=200\" class=\"theme-btn\"><span>Weiterlesen <\/span><i class=\"bi bi-arrow-right\"><\/i><\/a>\n        <\/div>\n","protected":false},"author":2,"featured_media":201,"comment_status":"open","ping_status":"open","sticky":false,"template":"","format":"standard","meta":{"footnotes":""},"categories":[1],"tags":[],"class_list":["post-200","post","type-post","status-publish","format-standard","has-post-thumbnail","hentry","category-uncategorized"],"_links":{"self":[{"href":"https:\/\/martina-zuercher.ch\/index.php?rest_route=\/wp\/v2\/posts\/200","targetHints":{"allow":["GET"]}}],"collection":[{"href":"https:\/\/martina-zuercher.ch\/index.php?rest_route=\/wp\/v2\/posts"}],"about":[{"href":"https:\/\/martina-zuercher.ch\/index.php?rest_route=\/wp\/v2\/types\/post"}],"author":[{"embeddable":true,"href":"https:\/\/martina-zuercher.ch\/index.php?rest_route=\/wp\/v2\/users\/2"}],"replies":[{"embeddable":true,"href":"https:\/\/martina-zuercher.ch\/index.php?rest_route=%2Fwp%2Fv2%2Fcomments&post=200"}],"version-history":[{"count":1,"href":"https:\/\/martina-zuercher.ch\/index.php?rest_route=\/wp\/v2\/posts\/200\/revisions"}],"predecessor-version":[{"id":202,"href":"https:\/\/martina-zuercher.ch\/index.php?rest_route=\/wp\/v2\/posts\/200\/revisions\/202"}],"wp:featuredmedia":[{"embeddable":true,"href":"https:\/\/martina-zuercher.ch\/index.php?rest_route=\/wp\/v2\/media\/201"}],"wp:attachment":[{"href":"https:\/\/martina-zuercher.ch\/index.php?rest_route=%2Fwp%2Fv2%2Fmedia&parent=200"}],"wp:term":[{"taxonomy":"category","embeddable":true,"href":"https:\/\/martina-zuercher.ch\/index.php?rest_route=%2Fwp%2Fv2%2Fcategories&post=200"},{"taxonomy":"post_tag","embeddable":true,"href":"https:\/\/martina-zuercher.ch\/index.php?rest_route=%2Fwp%2Fv2%2Ftags&post=200"}],"curies":[{"name":"wp","href":"https:\/\/api.w.org\/{rel}","templated":true}]}}