{"id":234,"date":"2024-05-29T09:50:43","date_gmt":"2024-05-29T08:50:43","guid":{"rendered":"https:\/\/martina-zuercher.ch\/?p=234"},"modified":"2024-05-29T09:50:43","modified_gmt":"2024-05-29T08:50:43","slug":"legislaturhalbzeit-im-gemeinderat-der-stadt-zuerich","status":"publish","type":"post","link":"https:\/\/martina-zuercher.ch\/?p=234","title":{"rendered":"Legislaturhalbzeit im Gemeinderat der Stadt Z\u00fcrich"},"content":{"rendered":"\n<p><strong>&#171;Engagiert, um Schlimmeres zu verhindern&#187; &#8211; Das ist meine pers\u00f6nliche Zusammenfassung \u00fcber die letzten beiden Jahre als Gemeinder\u00e4tin der Stadt Z\u00fcrich.<\/strong><\/p>\n\n\n\n<p>Unsere Stadt ist sch\u00f6n und lebenswert. Doch sie entwickelt sich zunehmend in die falsche Richtung. Das beginnt bei vermeintlichen Kleinigkeiten: Warum braucht es beim Bahnhof Wipkingen einen Mehrzweckstreifen anstelle von Fussg\u00e4ngerstreifen? Projektkosten von 200&#8217;000 Franken und am Ende muss der Bev\u00f6lkerung auf Tafeln erkl\u00e4rt werden, wie man die Strasse \u00fcberquert. Warum wird beim Neubau des Schulhauses Vogtsrain ein Spielplatz \u00fcberbaut, statt das bestehende Schulgeb\u00e4ude aufzustocken? Warum nimmt die rot-gr\u00fcne Mehrheit f\u00fcr einen pauschalisierten Mindestlohn bewusst in Kauf, das bew\u00e4hrte Konzept von Tagesm\u00fcttern zu verunm\u00f6glichen? Rekordhohe Steuereinnahmen werden mit beiden H\u00e4nden ausgegeben, aber am Ende bleibt der Spazierweg entlang dem Schanzengraben Rollstuhlfahrenden und Kinderwagen trotzdem verwehrt, weil es keine ebenerdigen Zug\u00e4nge gibt. Die Wohnungsproblematik wird seit Jahren prim\u00e4r verwaltet statt gel\u00f6st. Das ist die absolute links-gr\u00fcne Mehrheit, wie sie seit Jahren regiert. Wenn Sie sich keinen Kahlschlag in der blauen Zone w\u00fcnschen, daf\u00fcr einen schnellen \u00f6V, Steuersenkungen und praktikable L\u00f6sungen statt teure Problembewirtschaftungen, dann braucht es bei den n\u00e4chsten Gemeinderatswahlen im Fr\u00fchjahr 2026 andere Mehrheiten. \u00abZ\u00fcri cha meh!\u00bb<\/p>\n","protected":false},"excerpt":{"rendered":"<p>&#171;Engagiert, um Schlimmeres zu verhindern&#187; &#8211; Das ist meine pers\u00f6nliche Zusammenfassung \u00fcber die letzten beiden Jahre als Gemeinder\u00e4tin der Stadt Z\u00fcrich. Unsere Stadt ist sch\u00f6n und lebenswert. Doch sie entwickelt sich zunehmend in die falsche Richtung. Das beginnt bei vermeintlichen Kleinigkeiten: Warum braucht es beim Bahnhof Wipkingen einen Mehrzweckstreifen anstelle von Fussg\u00e4ngerstreifen? Projektkosten von 200&#8217;000<\/p>\n<div class=\"more-link\">\n             <a href=\"https:\/\/martina-zuercher.ch\/?p=234\" class=\"theme-btn\"><span>Weiterlesen <\/span><i class=\"bi bi-arrow-right\"><\/i><\/a>\n        <\/div>\n","protected":false},"author":2,"featured_media":236,"comment_status":"open","ping_status":"open","sticky":false,"template":"","format":"standard","meta":{"footnotes":""},"categories":[1],"tags":[],"class_list":["post-234","post","type-post","status-publish","format-standard","has-post-thumbnail","hentry","category-uncategorized"],"_links":{"self":[{"href":"https:\/\/martina-zuercher.ch\/index.php?rest_route=\/wp\/v2\/posts\/234","targetHints":{"allow":["GET"]}}],"collection":[{"href":"https:\/\/martina-zuercher.ch\/index.php?rest_route=\/wp\/v2\/posts"}],"about":[{"href":"https:\/\/martina-zuercher.ch\/index.php?rest_route=\/wp\/v2\/types\/post"}],"author":[{"embeddable":true,"href":"https:\/\/martina-zuercher.ch\/index.php?rest_route=\/wp\/v2\/users\/2"}],"replies":[{"embeddable":true,"href":"https:\/\/martina-zuercher.ch\/index.php?rest_route=%2Fwp%2Fv2%2Fcomments&post=234"}],"version-history":[{"count":1,"href":"https:\/\/martina-zuercher.ch\/index.php?rest_route=\/wp\/v2\/posts\/234\/revisions"}],"predecessor-version":[{"id":235,"href":"https:\/\/martina-zuercher.ch\/index.php?rest_route=\/wp\/v2\/posts\/234\/revisions\/235"}],"wp:featuredmedia":[{"embeddable":true,"href":"https:\/\/martina-zuercher.ch\/index.php?rest_route=\/wp\/v2\/media\/236"}],"wp:attachment":[{"href":"https:\/\/martina-zuercher.ch\/index.php?rest_route=%2Fwp%2Fv2%2Fmedia&parent=234"}],"wp:term":[{"taxonomy":"category","embeddable":true,"href":"https:\/\/martina-zuercher.ch\/index.php?rest_route=%2Fwp%2Fv2%2Fcategories&post=234"},{"taxonomy":"post_tag","embeddable":true,"href":"https:\/\/martina-zuercher.ch\/index.php?rest_route=%2Fwp%2Fv2%2Ftags&post=234"}],"curies":[{"name":"wp","href":"https:\/\/api.w.org\/{rel}","templated":true}]}}