{"id":238,"date":"2025-03-05T07:03:45","date_gmt":"2025-03-05T06:03:45","guid":{"rendered":"https:\/\/martina-zuercher.ch\/?p=238"},"modified":"2025-03-05T07:03:45","modified_gmt":"2025-03-05T06:03:45","slug":"was-hat-rot-gruen-als-naechstes-vor-ein-verbot-von-staubsaugern","status":"publish","type":"post","link":"https:\/\/martina-zuercher.ch\/?p=238","title":{"rendered":"Was hat Rot-Gr\u00fcn als n\u00e4chstes vor? Ein Verbot von Staubsaugern?"},"content":{"rendered":"\n<p><strong>Die rot-gr\u00fcne Mehrheit inklusive der sogenannt gr\u00fcnliberalen Partei ist im Verbotsrausch. Sie will in der Stadt Z\u00fcrich w\u00e4hrend neun von zw\u00f6lf Monaten Laubblas- und Laubsaugger\u00e4te verbieten. Ungeachtet davon, dass die bislang sehr lauten, benzinbetriebenen Ger\u00e4te zurzeit mehrheitlich durch leise akkubetriebene ersetzt werden. Welche weiteren Arbeitsger\u00e4te von verschiedenen Berufsgruppen folgen als n\u00e4chstes? Verbot von Presslufthammer? Verbot von elektrischen Rasenm\u00e4hern? Oder gar von Staubsaugern?<\/strong><\/p>\n\n\n\n<figure class=\"wp-block-image size-full\"><img loading=\"lazy\" decoding=\"async\" width=\"800\" height=\"600\" src=\"https:\/\/martina-zuercher.ch\/wp-content\/uploads\/2025\/03\/Laub_1.jpg\" alt=\"\" class=\"wp-image-240\" srcset=\"https:\/\/martina-zuercher.ch\/wp-content\/uploads\/2025\/03\/Laub_1.jpg 800w, https:\/\/martina-zuercher.ch\/wp-content\/uploads\/2025\/03\/Laub_1-300x225.jpg 300w, https:\/\/martina-zuercher.ch\/wp-content\/uploads\/2025\/03\/Laub_1-768x576.jpg 768w\" sizes=\"auto, (max-width: 800px) 100vw, 800px\" \/><\/figure>\n\n\n\n<p>Ein Laubbl\u00e4ser ist kein Sympathieobjekt. Dennoch ist es f\u00fcr G\u00e4rtnereibetriebe, Stadtverwaltung, Hauswartungen, Reinigungskr\u00e4fte, Landwirte, Hobbyg\u00e4rtner usw. ein wichtiges Arbeitsinstrument. Denn im Unterschied zum Besen oder Rechen eignen sich diese Ger\u00e4te auch f\u00fcr Kiesuntergrund, Treppen, Spielpl\u00e4tze, grosse Fl\u00e4chen, gr\u00f6ssere Mengen Unrat oder Laub auf grossen Rasenpl\u00e4tzen. Denn das Liegenlassen des Laubs ist oft aus Haftungsgr\u00fcnden keine Option (z.B. Unfallgefahr).<\/p>\n\n\n\n<h2 class=\"wp-block-heading\">Bisher laut \u2013 neu mehrheitlich wie ein Haarf\u00f6hn<\/h2>\n\n\n\n<p>Rot-gr\u00fcn hat vor rund zwei Jahren einen Vorstoss \u00fcberwiesen, in welchem sie die Einschr\u00e4nkung von Laubbl\u00e4sern verlangten. Zugegeben, die in den letzten Jahren noch h\u00e4ufig eingesetzten benzinbetriebenen Ger\u00e4te waren laut. Seither hat sich aber viel ver\u00e4ndert: Je l\u00e4nger, desto mehr, werden diese durch elektrisch-betriebene Ger\u00e4te mit Akkus ersetzt, welche um ein Vielfaches leiser sind \u2013 so etwa in der Dimension eines Haarf\u00f6hns. Die zweite Begr\u00fcndung, weshalb die Laubbl\u00e4ser in der Stadt Z\u00fcrich verboten werden sollen, ist, weil kleine K\u00e4fer und Insekten damit herumgeblasen werden. Nur werden diese auch mit dem Besen \u00e4hnlich aufgewirbelt oder sogar erdr\u00fcckt. Weiter d\u00fcrfen Strassenreinigungsmaschinen, welche vorne alles aufwirbeln und hinten wirklich alles einsaugen, weiterhin \u00fcberall verwendet werden.<\/p>\n\n\n\n<h2 class=\"wp-block-heading\">Massiver Mehraufwand, h\u00f6here Kosten<\/h2>\n\n\n\n<p>Die gemeinder\u00e4tliche Kommission, welche das Laubbl\u00e4serverbot vorberaten hat, hat um Stellungnahmen von der Stadtverwaltung und von Berufsverb\u00e4nden gebeten. Die Antworten k\u00f6nnen grossmehrheitlich mit zwei W\u00f6rtern zusammengefasst werden: Massiver Mehraufwand f\u00fcr das besch\u00e4ftigte Personal. Einige Beispiele: Gr\u00fcn Stadt Z\u00fcrich sch\u00e4tzt einen j\u00e4hrlichen Mehraufwand von bis zu 1&#8217;500 Stunden, das Schulamt gar 12&#8217;000 Stunden. Dass dies aus Steuergeldern bezahlt werden muss, ist ja selbsterkl\u00e4rend. Doch nicht nur in der Stadtverwaltung, sondern bei allen anderen kommt es zu grossem Mehraufwand. Denjenigen von G\u00e4rtnern und Hauswartungen wird \u00fcber steigende Nebenkosten den Mietern belastet werden. Den Preis f\u00fcr dieses ideologische Verbot w\u00fcrden also in der Stadt Z\u00fcrich alle bezahlen.<\/p>\n\n\n\n<p>Die FDP hatte in der Kommissionsberatung intensiv versucht, einen Kompromiss auszuhandeln, so dass wenigstens die leisen, elektrisch-betriebenen Laubbl\u00e4ser das ganze Jahr erlaubt w\u00e4ren. Dann w\u00e4ren auch die b\u00fcrokratischen Ausnahmebewilligungen f\u00fcr Grossanl\u00e4sse etc., welche die Vorlage der Mehrheit vorsieht, nicht n\u00f6tig. Die Bev\u00f6lkerung h\u00e4tte mehrheitlich nur noch die leisen Laubbl\u00e4ser geh\u00f6rt (oder eben nicht mehr, weil sie so leise sind), diejenigen, die Laub, Bl\u00fctenbl\u00e4tter, Konfetti oder anderen Unrat zusammennehmen m\u00fcssen, k\u00e4men weiterhin z\u00fcgig voran und wegen des geringen Gewichts der elektrische Laubbl\u00e4ser, ohne dass es in den R\u00fccken geht. Das ist freisinnige Politik: Sachorientierte Kompromisse, statt ideologischer Verbotskultur.<\/p>\n\n\n\n<h2 class=\"wp-block-heading\">Gegen linke Verbotskultur<\/h2>\n\n\n\n<p>Wenn man weiterdenkt: Mit der Begr\u00fcndung \u00abL\u00e4rm verhindern und kleine K\u00e4fer sch\u00fctzen\u00bb k\u00f6nnten in der Stadt Z\u00fcrich als N\u00e4chstes Verbote von elektrischen Rasenm\u00e4hern, Heckenscheren oder gar Staubsaugern folgen? Denn Mehraufwand, Zusatzkosten, h\u00f6here Steuern und Geb\u00fchren sind in der rot-gr\u00fcnen Wunschwelt kein Problem. Ich bin fest \u00fcberzeugt, dass die Bev\u00f6lkerung der Stadt Z\u00fcrich am 8. M\u00e4rz 2026 vern\u00fcnftige Mehrheiten w\u00e4hlt.<\/p>\n\n\n\n<figure class=\"wp-block-image size-full\"><img loading=\"lazy\" decoding=\"async\" width=\"800\" height=\"600\" src=\"https:\/\/martina-zuercher.ch\/wp-content\/uploads\/2025\/03\/Laub_2.jpg\" alt=\"\" class=\"wp-image-241\" srcset=\"https:\/\/martina-zuercher.ch\/wp-content\/uploads\/2025\/03\/Laub_2.jpg 800w, https:\/\/martina-zuercher.ch\/wp-content\/uploads\/2025\/03\/Laub_2-300x225.jpg 300w, https:\/\/martina-zuercher.ch\/wp-content\/uploads\/2025\/03\/Laub_2-768x576.jpg 768w\" sizes=\"auto, (max-width: 800px) 100vw, 800px\" \/><\/figure>\n","protected":false},"excerpt":{"rendered":"<p>Die rot-gr\u00fcne Mehrheit inklusive der sogenannt gr\u00fcnliberalen Partei ist im Verbotsrausch. Sie will in der Stadt Z\u00fcrich w\u00e4hrend neun von zw\u00f6lf Monaten Laubblas- und Laubsaugger\u00e4te verbieten. Ungeachtet davon, dass die bislang sehr lauten, benzinbetriebenen Ger\u00e4te zurzeit mehrheitlich durch leise akkubetriebene ersetzt werden. Welche weiteren Arbeitsger\u00e4te von verschiedenen Berufsgruppen folgen als n\u00e4chstes? Verbot von Presslufthammer? Verbot<\/p>\n<div class=\"more-link\">\n             <a href=\"https:\/\/martina-zuercher.ch\/?p=238\" class=\"theme-btn\"><span>Weiterlesen <\/span><i class=\"bi bi-arrow-right\"><\/i><\/a>\n        <\/div>\n","protected":false},"author":2,"featured_media":240,"comment_status":"open","ping_status":"open","sticky":false,"template":"","format":"standard","meta":{"footnotes":""},"categories":[1],"tags":[],"class_list":["post-238","post","type-post","status-publish","format-standard","has-post-thumbnail","hentry","category-uncategorized"],"_links":{"self":[{"href":"https:\/\/martina-zuercher.ch\/index.php?rest_route=\/wp\/v2\/posts\/238","targetHints":{"allow":["GET"]}}],"collection":[{"href":"https:\/\/martina-zuercher.ch\/index.php?rest_route=\/wp\/v2\/posts"}],"about":[{"href":"https:\/\/martina-zuercher.ch\/index.php?rest_route=\/wp\/v2\/types\/post"}],"author":[{"embeddable":true,"href":"https:\/\/martina-zuercher.ch\/index.php?rest_route=\/wp\/v2\/users\/2"}],"replies":[{"embeddable":true,"href":"https:\/\/martina-zuercher.ch\/index.php?rest_route=%2Fwp%2Fv2%2Fcomments&post=238"}],"version-history":[{"count":2,"href":"https:\/\/martina-zuercher.ch\/index.php?rest_route=\/wp\/v2\/posts\/238\/revisions"}],"predecessor-version":[{"id":242,"href":"https:\/\/martina-zuercher.ch\/index.php?rest_route=\/wp\/v2\/posts\/238\/revisions\/242"}],"wp:featuredmedia":[{"embeddable":true,"href":"https:\/\/martina-zuercher.ch\/index.php?rest_route=\/wp\/v2\/media\/240"}],"wp:attachment":[{"href":"https:\/\/martina-zuercher.ch\/index.php?rest_route=%2Fwp%2Fv2%2Fmedia&parent=238"}],"wp:term":[{"taxonomy":"category","embeddable":true,"href":"https:\/\/martina-zuercher.ch\/index.php?rest_route=%2Fwp%2Fv2%2Fcategories&post=238"},{"taxonomy":"post_tag","embeddable":true,"href":"https:\/\/martina-zuercher.ch\/index.php?rest_route=%2Fwp%2Fv2%2Ftags&post=238"}],"curies":[{"name":"wp","href":"https:\/\/api.w.org\/{rel}","templated":true}]}}