{"id":297,"date":"2026-01-29T06:59:50","date_gmt":"2026-01-29T05:59:50","guid":{"rendered":"https:\/\/martina-zuercher.ch\/?p=297"},"modified":"2026-01-29T06:59:50","modified_gmt":"2026-01-29T05:59:50","slug":"miteinander-statt-gegeneinander-fuer-ein-lebenswertes-zuerich","status":"publish","type":"post","link":"https:\/\/martina-zuercher.ch\/?p=297","title":{"rendered":"Miteinander statt gegeneinander f\u00fcr ein lebenswertes Z\u00fcrich"},"content":{"rendered":"\n<p>Ich setze mich f\u00fcr eine Stadt ein, die f\u00fcr alle da ist: Mit sicherer, flexibler Mobilit\u00e4t \u2013 ob zu Fuss, mit dem Velo, dem \u00f6V, dem Auto oder was uns die Zukunft sonst noch bewegt. Der durch das Bev\u00f6lkerungswachstum bedingte Mehrverkehr soll mit dem Ausbau des \u00f6V aufgefangen werden. Aber auch als nicht Gewerbetreibender ist die Fahrt mit dem Auto manchmal unumg\u00e4nglich, wenn zum Beispiel betagte Familienmitglieder zum Arzt oder Coiffeur begleitet werden m\u00fcssen. Oder aus meinem Leben: Ein Grosseinkauf oder der Transport eines Second-Hand-Kinderbetts ist mit dem Cargovelo nicht m\u00f6glich, wenn man gleichzeitig noch zwei Kleinkinder dabei hat.<\/p>\n\n\n\n<p>Verschiedene Verkehrsmittel sollen nicht gegeneinander ausgespielt werden, sondern m\u00fcssen in einer funktionierenden Stadt nebeneinander Platz haben. Selbstverst\u00e4ndlich m\u00fcssen wir dabei darauf achten, dass der Verkehr emissions\u00e4rmer und leiser wird. Dazu sind auch technische Innovationen gefordert. Unsere Hochschulen und eine starke und vielseitige Wirtschaft sind genau darum so wichtig. Sie schaffen Innovation, Arbeitspl\u00e4tze und Perspektiven.<\/p>\n\n\n\n<p>Ich stehe f\u00fcr eine liberale Stadt, in der Vielfalt gelebt wird und Menschen ohne Verbotskultur selbstbestimmt ihren Weg gehen k\u00f6nnen.<\/p>\n\n\n\n<p><\/p>\n","protected":false},"excerpt":{"rendered":"<p>Ich setze mich f\u00fcr eine Stadt ein, die f\u00fcr alle da ist: Mit sicherer, flexibler Mobilit\u00e4t \u2013 ob zu Fuss, mit dem Velo, dem \u00f6V, dem Auto oder was uns die Zukunft sonst noch bewegt. Der durch das Bev\u00f6lkerungswachstum bedingte Mehrverkehr soll mit dem Ausbau des \u00f6V aufgefangen werden. Aber auch als nicht Gewerbetreibender ist<\/p>\n<div class=\"more-link\">\n             <a href=\"https:\/\/martina-zuercher.ch\/?p=297\" class=\"theme-btn\"><span>Weiterlesen <\/span><i class=\"bi bi-arrow-right\"><\/i><\/a>\n        <\/div>\n","protected":false},"author":2,"featured_media":298,"comment_status":"open","ping_status":"open","sticky":false,"template":"","format":"standard","meta":{"footnotes":""},"categories":[1],"tags":[],"class_list":["post-297","post","type-post","status-publish","format-standard","has-post-thumbnail","hentry","category-uncategorized"],"_links":{"self":[{"href":"https:\/\/martina-zuercher.ch\/index.php?rest_route=\/wp\/v2\/posts\/297","targetHints":{"allow":["GET"]}}],"collection":[{"href":"https:\/\/martina-zuercher.ch\/index.php?rest_route=\/wp\/v2\/posts"}],"about":[{"href":"https:\/\/martina-zuercher.ch\/index.php?rest_route=\/wp\/v2\/types\/post"}],"author":[{"embeddable":true,"href":"https:\/\/martina-zuercher.ch\/index.php?rest_route=\/wp\/v2\/users\/2"}],"replies":[{"embeddable":true,"href":"https:\/\/martina-zuercher.ch\/index.php?rest_route=%2Fwp%2Fv2%2Fcomments&post=297"}],"version-history":[{"count":1,"href":"https:\/\/martina-zuercher.ch\/index.php?rest_route=\/wp\/v2\/posts\/297\/revisions"}],"predecessor-version":[{"id":299,"href":"https:\/\/martina-zuercher.ch\/index.php?rest_route=\/wp\/v2\/posts\/297\/revisions\/299"}],"wp:featuredmedia":[{"embeddable":true,"href":"https:\/\/martina-zuercher.ch\/index.php?rest_route=\/wp\/v2\/media\/298"}],"wp:attachment":[{"href":"https:\/\/martina-zuercher.ch\/index.php?rest_route=%2Fwp%2Fv2%2Fmedia&parent=297"}],"wp:term":[{"taxonomy":"category","embeddable":true,"href":"https:\/\/martina-zuercher.ch\/index.php?rest_route=%2Fwp%2Fv2%2Fcategories&post=297"},{"taxonomy":"post_tag","embeddable":true,"href":"https:\/\/martina-zuercher.ch\/index.php?rest_route=%2Fwp%2Fv2%2Ftags&post=297"}],"curies":[{"name":"wp","href":"https:\/\/api.w.org\/{rel}","templated":true}]}}