{"id":33,"date":"2019-07-14T16:40:04","date_gmt":"2019-07-14T15:40:04","guid":{"rendered":"http:\/\/martina-zuercher.ch\/?p=33"},"modified":"2019-07-14T16:43:30","modified_gmt":"2019-07-14T15:43:30","slug":"martina-zurcher-am-20-oktober-2019-in-den-nationalrat","status":"publish","type":"post","link":"https:\/\/martina-zuercher.ch\/?p=33","title":{"rendered":"Jung, liberal, verantwortungsbewusst: Martina Z\u00fcrcher am 20. Oktober 2019 in den Nationalrat"},"content":{"rendered":"\n<p>Martina Z\u00fcrcher-B\u00f6ni kandidiert am 20. Oktober auf der Liste 3 der FDP f\u00fcr den Nationalrat.<\/p>\n","protected":false},"excerpt":{"rendered":"<p>Martina Z\u00fcrcher-B\u00f6ni kandidiert am 20. Oktober auf der Liste 3 der FDP f\u00fcr den Nationalrat.<\/p>\n","protected":false},"author":1,"featured_media":34,"comment_status":"open","ping_status":"open","sticky":false,"template":"","format":"image","meta":{"footnotes":""},"categories":[1],"tags":[],"class_list":["post-33","post","type-post","status-publish","format-image","has-post-thumbnail","hentry","category-uncategorized","post_format-post-format-image"],"_links":{"self":[{"href":"https:\/\/martina-zuercher.ch\/index.php?rest_route=\/wp\/v2\/posts\/33","targetHints":{"allow":["GET"]}}],"collection":[{"href":"https:\/\/martina-zuercher.ch\/index.php?rest_route=\/wp\/v2\/posts"}],"about":[{"href":"https:\/\/martina-zuercher.ch\/index.php?rest_route=\/wp\/v2\/types\/post"}],"author":[{"embeddable":true,"href":"https:\/\/martina-zuercher.ch\/index.php?rest_route=\/wp\/v2\/users\/1"}],"replies":[{"embeddable":true,"href":"https:\/\/martina-zuercher.ch\/index.php?rest_route=%2Fwp%2Fv2%2Fcomments&post=33"}],"version-history":[{"count":3,"href":"https:\/\/martina-zuercher.ch\/index.php?rest_route=\/wp\/v2\/posts\/33\/revisions"}],"predecessor-version":[{"id":37,"href":"https:\/\/martina-zuercher.ch\/index.php?rest_route=\/wp\/v2\/posts\/33\/revisions\/37"}],"wp:featuredmedia":[{"embeddable":true,"href":"https:\/\/martina-zuercher.ch\/index.php?rest_route=\/wp\/v2\/media\/34"}],"wp:attachment":[{"href":"https:\/\/martina-zuercher.ch\/index.php?rest_route=%2Fwp%2Fv2%2Fmedia&parent=33"}],"wp:term":[{"taxonomy":"category","embeddable":true,"href":"https:\/\/martina-zuercher.ch\/index.php?rest_route=%2Fwp%2Fv2%2Fcategories&post=33"},{"taxonomy":"post_tag","embeddable":true,"href":"https:\/\/martina-zuercher.ch\/index.php?rest_route=%2Fwp%2Fv2%2Ftags&post=33"}],"curies":[{"name":"wp","href":"https:\/\/api.w.org\/{rel}","templated":true}]}}