{"id":38,"date":"2019-06-03T16:48:41","date_gmt":"2019-06-03T15:48:41","guid":{"rendered":"http:\/\/martina-zuercher.ch\/?p=38"},"modified":"2019-07-14T16:58:48","modified_gmt":"2019-07-14T15:58:48","slug":"dekarbonisierung-der-stadt-zurich-die-fdp-bringt-konkrete-vorschlage-statt-imaginarer-zielversprechungen","status":"publish","type":"post","link":"https:\/\/martina-zuercher.ch\/?p=38","title":{"rendered":"Dekarbonisierung der Stadt Z\u00fcrich: Die FDP bringt konkrete Vorschl\u00e4ge statt imagin\u00e4rer Zielversprechungen"},"content":{"rendered":"\n<p>In einer Arbeitsgruppe hat die FDP-Fraktion im Z\u00fcrcher Gemeinderat verschiedene Vorst\u00f6sse zum Thema &#171;Dekarbonisierung der Stadt Z\u00fcrich&#187; erarbeitet, w\u00e4hrend die anderen Parteien sich vorwiegend \u00fcber imagin\u00e4re Ziele unterhielten. Alle Details zu den Vorst\u00f6ssen findet sich hier: <a href=\"https:\/\/www.mehblau.ch\/dekarbonisierung\" target=\"_blank\" rel=\"noreferrer noopener\" aria-label=\" (opens in a new tab)\">https:\/\/www.mehblau.ch\/dekarbonisierung<\/a><\/p>\n","protected":false},"excerpt":{"rendered":"<p>In einer Arbeitsgruppe hat die FDP-Fraktion im Z\u00fcrcher Gemeinderat verschiedene Vorst\u00f6sse zum Thema &#171;Dekarbonisierung der Stadt Z\u00fcrich&#187; erarbeitet, w\u00e4hrend die anderen Parteien sich vorwiegend \u00fcber imagin\u00e4re Ziele unterhielten. Alle Details zu den Vorst\u00f6ssen findet sich hier: https:\/\/www.mehblau.ch\/dekarbonisierung<\/p>\n","protected":false},"author":1,"featured_media":0,"comment_status":"open","ping_status":"open","sticky":false,"template":"","format":"standard","meta":{"footnotes":""},"categories":[1],"tags":[],"class_list":["post-38","post","type-post","status-publish","format-standard","hentry","category-uncategorized"],"_links":{"self":[{"href":"https:\/\/martina-zuercher.ch\/index.php?rest_route=\/wp\/v2\/posts\/38","targetHints":{"allow":["GET"]}}],"collection":[{"href":"https:\/\/martina-zuercher.ch\/index.php?rest_route=\/wp\/v2\/posts"}],"about":[{"href":"https:\/\/martina-zuercher.ch\/index.php?rest_route=\/wp\/v2\/types\/post"}],"author":[{"embeddable":true,"href":"https:\/\/martina-zuercher.ch\/index.php?rest_route=\/wp\/v2\/users\/1"}],"replies":[{"embeddable":true,"href":"https:\/\/martina-zuercher.ch\/index.php?rest_route=%2Fwp%2Fv2%2Fcomments&post=38"}],"version-history":[{"count":3,"href":"https:\/\/martina-zuercher.ch\/index.php?rest_route=\/wp\/v2\/posts\/38\/revisions"}],"predecessor-version":[{"id":52,"href":"https:\/\/martina-zuercher.ch\/index.php?rest_route=\/wp\/v2\/posts\/38\/revisions\/52"}],"wp:attachment":[{"href":"https:\/\/martina-zuercher.ch\/index.php?rest_route=%2Fwp%2Fv2%2Fmedia&parent=38"}],"wp:term":[{"taxonomy":"category","embeddable":true,"href":"https:\/\/martina-zuercher.ch\/index.php?rest_route=%2Fwp%2Fv2%2Fcategories&post=38"},{"taxonomy":"post_tag","embeddable":true,"href":"https:\/\/martina-zuercher.ch\/index.php?rest_route=%2Fwp%2Fv2%2Ftags&post=38"}],"curies":[{"name":"wp","href":"https:\/\/api.w.org\/{rel}","templated":true}]}}