{"id":99,"date":"2020-08-22T07:55:51","date_gmt":"2020-08-22T06:55:51","guid":{"rendered":"http:\/\/martina-zuercher.ch\/?p=99"},"modified":"2020-08-22T07:55:51","modified_gmt":"2020-08-22T06:55:51","slug":"die-meinungsfreiheit-hoert-nicht-am-ende-der-eigenen-meinung-auf","status":"publish","type":"post","link":"https:\/\/martina-zuercher.ch\/?p=99","title":{"rendered":"Die Meinungsfreiheit h\u00f6rt nicht am Ende der eigenen Meinung auf"},"content":{"rendered":"\n<p><em>Im Z\u00fcrcher Gemeinderat hielt ich am 19. August aus aktuellem Anlass folgende pers\u00f6nliche Erkl\u00e4rung:<\/em><\/p>\n\n\n\n<p>Wenn die Sicherheitsvorsteherin und der rot-gr\u00fcne Stadtrat vor linksextremen gewaltbereiten Brigaden einknickt:<\/p>\n\n\n\n<p>Aus den Medien hat man entnehmen k\u00f6nnen, dass eine friedliche, wenn auch durchaus \u00abkontroverse\u00bb Gruppierung ordentlich um eine Demonstrationsbewilligung ersucht hat, diese aber nicht bewilligt hat bekommen. Sozusagen schockiert hat mich, dass diese Bewilligung nicht erteilt wurde, weil die Stadtpolizei offenbar den Schutz des Demonstrationsumzuges vor gewaltbereiten linken Gegendemonstranten nicht gew\u00e4hrleisten kann \u2013 oder will.<\/p>\n\n\n\n<p>Meinungsfreiheit heisst f\u00fcr mich als Freisinnige, dass man verschiedene Meinungen zul\u00e4sst, auch wenn es nicht die eigene ist. Im konkreten Beispiel ist auch nicht meine. Aber offensichtlich haben in der Stadt Z\u00fcrich bestimmte \u2013 gewaltt\u00e4tige &#8211; Gegengruppierung faktisch ein Vetorecht, wo sich die Sicherheitsvorsteherin davor beugt.<\/p>\n\n\n\n<p>W\u00e4hrend die Stadtpolizei bei kritischen Fussballspielen oder dem 1. Mai zus\u00e4tzlich die Unterst\u00fctzung der Kantonspolizei anfordert und damit in der Lage ist, die \u00f6ffentliche Sicherheit zu gew\u00e4hrleisten, scheint das beim Demonstrationsrecht f\u00fcr die Stadtratsmehrheit nicht m\u00f6glich zu sein \u2013 wenn es eine ihr nicht genehme Meinung betrifft. Das gibt mir und vielen anderen zu denken. Das ist schlicht schwach, unliberal und es dr\u00e4ngt sich auf, das Sicherheitsdepartement erneut umzubenennen.<\/p>\n","protected":false},"excerpt":{"rendered":"<p>Im Z\u00fcrcher Gemeinderat hielt ich am 19. August aus aktuellem Anlass folgende pers\u00f6nliche Erkl\u00e4rung: Wenn die Sicherheitsvorsteherin und der rot-gr\u00fcne Stadtrat vor linksextremen gewaltbereiten Brigaden einknickt: Aus den Medien hat man entnehmen k\u00f6nnen, dass eine friedliche, wenn auch durchaus \u00abkontroverse\u00bb Gruppierung ordentlich um eine Demonstrationsbewilligung ersucht hat, diese aber nicht bewilligt hat bekommen. Sozusagen schockiert<\/p>\n<div class=\"more-link\">\n             <a href=\"https:\/\/martina-zuercher.ch\/?p=99\" class=\"theme-btn\"><span>Weiterlesen <\/span><i class=\"bi bi-arrow-right\"><\/i><\/a>\n        <\/div>\n","protected":false},"author":2,"featured_media":0,"comment_status":"open","ping_status":"open","sticky":false,"template":"","format":"standard","meta":{"footnotes":""},"categories":[1],"tags":[],"class_list":["post-99","post","type-post","status-publish","format-standard","hentry","category-uncategorized"],"_links":{"self":[{"href":"https:\/\/martina-zuercher.ch\/index.php?rest_route=\/wp\/v2\/posts\/99","targetHints":{"allow":["GET"]}}],"collection":[{"href":"https:\/\/martina-zuercher.ch\/index.php?rest_route=\/wp\/v2\/posts"}],"about":[{"href":"https:\/\/martina-zuercher.ch\/index.php?rest_route=\/wp\/v2\/types\/post"}],"author":[{"embeddable":true,"href":"https:\/\/martina-zuercher.ch\/index.php?rest_route=\/wp\/v2\/users\/2"}],"replies":[{"embeddable":true,"href":"https:\/\/martina-zuercher.ch\/index.php?rest_route=%2Fwp%2Fv2%2Fcomments&post=99"}],"version-history":[{"count":2,"href":"https:\/\/martina-zuercher.ch\/index.php?rest_route=\/wp\/v2\/posts\/99\/revisions"}],"predecessor-version":[{"id":101,"href":"https:\/\/martina-zuercher.ch\/index.php?rest_route=\/wp\/v2\/posts\/99\/revisions\/101"}],"wp:attachment":[{"href":"https:\/\/martina-zuercher.ch\/index.php?rest_route=%2Fwp%2Fv2%2Fmedia&parent=99"}],"wp:term":[{"taxonomy":"category","embeddable":true,"href":"https:\/\/martina-zuercher.ch\/index.php?rest_route=%2Fwp%2Fv2%2Fcategories&post=99"},{"taxonomy":"post_tag","embeddable":true,"href":"https:\/\/martina-zuercher.ch\/index.php?rest_route=%2Fwp%2Fv2%2Ftags&post=99"}],"curies":[{"name":"wp","href":"https:\/\/api.w.org\/{rel}","templated":true}]}}